{"id":29257,"date":"2021-08-10T11:36:03","date_gmt":"2021-08-10T09:36:03","guid":{"rendered":"https:\/\/www.secureair.it\/ventilazione-rischio-esplosione-ventilatori-assiali-atex\/"},"modified":"2023-08-10T10:40:43","modified_gmt":"2023-08-10T08:40:43","slug":"ventilation-des-locaux-a-risque-et-explosion-utilisation-des-ventilateurs-axiaux-muraux-atex","status":"publish","type":"post","link":"https:\/\/www.secureair.it\/fr\/ventilation-des-locaux-a-risque-et-explosion-utilisation-des-ventilateurs-axiaux-muraux-atex\/","title":{"rendered":"Ventilation des locaux \u00e0 risque et explosion, utilisation des ventilateurs axiaux muraux ATEX"},"content":{"rendered":"<p>L\u2019utilisation de <strong>ventilateurs muraux axiaux certifi\u00e9s ATEX<\/strong> pour le remplacement de l\u2019air requis par la r\u00e9glementation dans les <strong>locaux \u00e0 risque d\u2019explosion<\/strong> repr\u00e9sente une excellente solution technique, nous allons voir pourquoi, en utilisant comme exemple le renouvellement de l\u2019air dans les zones o\u00f9 les batteries des chariots \u00e9l\u00e9vateurs sont recharg\u00e9es dans les entreprises. Nous utilisons cet exemple parce que l\u2019op\u00e9ration de chargement du chariot \u00e9l\u00e9vateur est une proc\u00e9dure tr\u00e8s r\u00e9pandue mais aussi d\u00e9licate, surtout si les batteries \u00e0 recharger sont au plomb ou au nickel-cadmium. Dans ces cas, il est n\u00e9cessaire de pr\u00e9voir un espace d\u00e9di\u00e9 \u00e0 la recharge, qui r\u00e9ponde \u00e0 des exigences de s\u00e9curit\u00e9 pr\u00e9cises car pendant la phase de charge, de la chaleur, des gaz et parfois des \u00e9tincelles se d\u00e9veloppent, entra\u00eenant un fort risque d\u2019incendie ou d\u2019explosion.<\/p>\n<p>Le r\u00f4le de la ventilation forc\u00e9e utilisant des<strong> ventilateurs axiaux muraux<\/strong> est donc tr\u00e8s important, car \u00e0 moins qu\u2019il n\u2019y ait de grandes ouvertures telles que des fen\u00eatres pour la ventilation naturelle, il est absolument n\u00e9cessaire de r\u00e9duire la concentration d\u2019hydrog\u00e8ne dans l\u2019air qui, comme le savent les techniciens du secteur, si elle d\u00e9passe 4%, une explosion peut se produire. En effet, le risque d\u2019explosion dans les locaux d\u00e9di\u00e9s \u00e0 la recharge des batteries est une cons\u00e9quence directe de l\u2019\u00e9mission d\u2019hydrog\u00e8ne dans l\u2019environnement g\u00e9n\u00e9r\u00e9e par l\u2019\u00e9lectrolyse de l\u2019eau. Cette phase technique de recharge a lieu vers la fin de la recharge, lorsque l\u2019\u00e9lectrolyse de l\u2019eau pr\u00e9sente dans l\u2019\u00e9lectrolyte peut se produire, c\u2019est-\u00e0-dire que les mol\u00e9cules d\u2019eau se d\u00e9composent en lib\u00e9rant de l\u2019oxyg\u00e8ne et, justement, de l\u2019hydrog\u00e8ne.<\/p>\n<p>L\u2019une des p\u00e9riodes de plus grande lib\u00e9ration d\u2019hydrog\u00e8ne se produit lorsque la batterie est charg\u00e9e et continue \u00e0 recevoir de l\u2019\u00e9nergie dont elle n\u2019a plus besoin et, au lieu de se charger, produit de l\u2019\u00e9lectrolyse, g\u00e9n\u00e9ralement lorsque nous laissons le chariot \u00e9l\u00e9vateur charg\u00e9 toute la nuit ou le week-end.<\/p>\n<h2>Quelles solutions adopter ? Les ventilateurs axiaux sur panneau repr\u00e9sentent un choix simple et efficace<\/h2>\n<table style=\"border-collapse: collapse; width: 100%;\">\n<tbody>\n<tr>\n<td style=\"width: 50%;\">Comme d\u00e9j\u00e0 \u00e9crit, l\u2019une des exigences fondamentales qui doit avoir une <strong>zone de recharge est la ventilation<\/strong>, con\u00e7ue pour permettre la dispersion de l\u2019hydrog\u00e8ne et \u00e9viter qu\u2019il arrive \u00e0 des concentrations dangereuses dans des espaces ferm\u00e9s.\u00a0 Mais comment la r\u00e9aliser ? Nombreuses sont les propositions techniques qui doivent certainement \u00eatre personnalis\u00e9es en fonction du nombre d\u2019\u00e9quipements pr\u00e9sents, de la taille des locaux et des exigences sp\u00e9cifiques du client.<\/p>\n<p>Mais contrairement \u00e0 des syst\u00e8mes d\u2019aspiration sp\u00e9cifiques ou \u00e0 des syst\u00e8mes complexes de raccordement aux chariots \u00e9l\u00e9vateurs, avec des tuyaux flexibles ou d\u2019autres raccords, la solution avec les <strong>ventilateurs axiaux muraux certifi\u00e9s ATEX<\/strong> repr\u00e9sente un choix avec plusieurs avantages\u00a0:<\/p>\n<ol>\n<li>installation murale simple ou panneau, ne n\u00e9cessite pas de tuyauterie, d\u2019installation ou d\u2019autres syst\u00e8mes complexes<\/li>\n<li>large gamme de d\u00e9bits et possibilit\u00e9 d\u2019installation multiple pour les grands locaux<\/li>\n<li>certification ATEX Ex II 2G Ex-d IIC T4 Gb<\/li>\n<li>facilit\u00e9 de connexion \u00e9lectrique aux capteurs ou autres syst\u00e8mes pour le d\u00e9marrage automatique<\/li>\n<\/ol>\n<p><a href=\"https:\/\/secureair.it\/prodotto\/ventilatori-assiali-afpx-atex-su-pannello\/\">visitez le produit<\/a><\/td>\n<td style=\"width: 50%;\"><img loading=\"lazy\" decoding=\"async\" class=\"alignnone size-medium wp-image-12764\" src=\"https:\/\/www.secureair.it\/wp-content\/uploads\/2021\/10\/ventilatore_Assiale_atex_AFPX-300x290.jpg\" alt=\"\" width=\"300\" height=\"290\" srcset=\"https:\/\/www.secureair.it\/wp-content\/uploads\/2021\/10\/ventilatore_Assiale_atex_AFPX-300x290.jpg 300w, https:\/\/www.secureair.it\/wp-content\/uploads\/2021\/10\/ventilatore_Assiale_atex_AFPX-768x742.jpg 768w, https:\/\/www.secureair.it\/wp-content\/uploads\/2021\/10\/ventilatore_Assiale_atex_AFPX-600x580.jpg 600w, https:\/\/www.secureair.it\/wp-content\/uploads\/2021\/10\/ventilatore_Assiale_atex_AFPX-310x300.jpg 310w, https:\/\/www.secureair.it\/wp-content\/uploads\/2021\/10\/ventilatore_Assiale_atex_AFPX.jpg 829w\" sizes=\"auto, (max-width: 300px) 100vw, 300px\" \/><\/td>\n<\/tr>\n<\/tbody>\n<\/table>\n<h2>R\u00e9glementations et liens de r\u00e9f\u00e9rence<\/h2>\n<ul>\n<li>La norme CEI EN 62485-3:2016 Exigences de s\u00e9curit\u00e9 pour les batteries d\u2019accumulateurs et leurs installations Partie 3<\/li>\n<li><a href=\"https:\/\/www.inail.it\/cs\/internet\/attivita\/prevenzione-e-sicurezza\/conoscere-il-rischio\/atmosfere-esplosive.html\">Inail &#8211; atmosph\u00e8res explosives\u00a0<\/a><\/li>\n<\/ul>\n<h2>Tu savais que ?<\/h2>\n<table style=\"border-collapse: collapse; width: 100%;\">\n<tbody>\n<tr>\n<td style=\"width: 11.9707%;\"><img loading=\"lazy\" decoding=\"async\" class=\"alignnone size-thumbnail wp-image-10837\" src=\"https:\/\/www.secureair.it\/wp-content\/uploads\/2021\/08\/atex-150x150.png\" alt=\"\" width=\"150\" height=\"150\" srcset=\"https:\/\/www.secureair.it\/wp-content\/uploads\/2021\/08\/atex-150x150.png 150w, https:\/\/www.secureair.it\/wp-content\/uploads\/2021\/08\/atex-100x100.png 100w\" sizes=\"auto, (max-width: 150px) 100vw, 150px\" \/><\/td>\n<td style=\"width: 88.0293%;\">La <strong>norme technique ATEX<\/strong> a \u00e9t\u00e9 mise au point par l\u2019Union Europ\u00e9enne pour garantir un niveau conforme de s\u00e9curit\u00e9 au travail dans tous les environnements o\u00f9 des usinages m\u00e9caniques d\u00e9gagent des gaz, des poussi\u00e8res et\/ou des vapeurs qui causeraient des explosions au cas o\u00f9 ils s\u2019enflammeraient. Le terme ATEX vient en effet de la langue fran\u00e7aise \u00ab\u00a0atmosph\u00e8res explosibles\u00a0\u00bb (milieux explosifs).<\/td>\n<\/tr>\n<\/tbody>\n<\/table>\n<p>Consultez notre <a href=\"https:\/\/www.secureair.it\/fr\/contatti\/\">service technique<\/a> pour obtenir des conseils ou de l\u2019aide pour dimensionner correctement la ventilation.<\/p>\n","protected":false},"excerpt":{"rendered":"<p>Direttiva ATEX per gli ambienti di lavoro a rischio esplosione<\/p>\n","protected":false},"author":2,"featured_media":27448,"comment_status":"open","ping_status":"open","sticky":false,"template":"","format":"standard","meta":{"_acf_changed":false,"footnotes":""},"categories":[3420,3418,3415],"tags":[3423,3432,3454,3461,3464,3469],"class_list":["post-29257","post","type-post","status-publish","format-standard","has-post-thumbnail","hentry","category-technique-fr","category-legislation","category-produits","tag-2014-34-ue-fr","tag-atex-fr","tag-legislation","tag-risque-dexplosion","tag-securite-au-travail","tag-ventilation-fr"],"acf":[],"yoast_head":"<!-- This site is optimized with the Yoast SEO plugin v27.4 - https:\/\/yoast.com\/product\/yoast-seo-wordpress\/ -->\n<title>Ventilation des locaux \u00e0 risque et explosion, utilisation des ventilateurs axiaux muraux ATEX - Secure Air<\/title>\n<meta name=\"description\" content=\"L\u2019utilisation de ventilateurs axiaux ATEX pour le remplacement de l\u2019air requis par la r\u00e9glementation dans les locaux \u00e0 risque d\u2019explosion est une excellente solution\" \/>\n<meta name=\"robots\" content=\"index, follow, max-snippet:-1, max-image-preview:large, max-video-preview:-1\" \/>\n<link rel=\"canonical\" href=\"https:\/\/www.secureair.it\/fr\/ventilation-des-locaux-a-risque-et-explosion-utilisation-des-ventilateurs-axiaux-muraux-atex\/\" \/>\n<meta property=\"og:locale\" content=\"fr_FR\" \/>\n<meta property=\"og:type\" content=\"article\" \/>\n<meta property=\"og:title\" content=\"Ventilation des locaux \u00e0 risque et explosion, utilisation des ventilateurs axiaux muraux ATEX - Secure Air\" \/>\n<meta property=\"og:description\" content=\"L\u2019utilisation de ventilateurs axiaux ATEX pour le remplacement de l\u2019air requis par la r\u00e9glementation dans les locaux \u00e0 risque d\u2019explosion est une excellente solution\" \/>\n<meta property=\"og:url\" content=\"https:\/\/www.secureair.it\/fr\/ventilation-des-locaux-a-risque-et-explosion-utilisation-des-ventilateurs-axiaux-muraux-atex\/\" \/>\n<meta property=\"og:site_name\" content=\"Secure Air\" \/>\n<meta property=\"article:published_time\" content=\"2021-08-10T09:36:03+00:00\" \/>\n<meta property=\"article:modified_time\" content=\"2023-08-10T08:40:43+00:00\" \/>\n<meta property=\"og:image\" content=\"https:\/\/www.secureair.it\/wp-content\/uploads\/2021\/10\/ventilazione_ricarica_muletti.jpg\" \/>\n\t<meta property=\"og:image:width\" content=\"800\" \/>\n\t<meta property=\"og:image:height\" content=\"800\" \/>\n\t<meta property=\"og:image:type\" content=\"image\/jpeg\" \/>\n<meta name=\"author\" content=\"secureair\" \/>\n<meta name=\"twitter:card\" content=\"summary_large_image\" \/>\n<meta name=\"twitter:label1\" content=\"\u00c9crit par\" \/>\n\t<meta name=\"twitter:data1\" content=\"secureair\" \/>\n\t<meta name=\"twitter:label2\" content=\"Dur\u00e9e de lecture estim\u00e9e\" \/>\n\t<meta name=\"twitter:data2\" content=\"4 minutes\" \/>\n<script type=\"application\/ld+json\" class=\"yoast-schema-graph\">{\"@context\":\"https:\\\/\\\/schema.org\",\"@graph\":[{\"@type\":\"Article\",\"@id\":\"https:\\\/\\\/www.secureair.it\\\/fr\\\/ventilation-des-locaux-a-risque-et-explosion-utilisation-des-ventilateurs-axiaux-muraux-atex\\\/#article\",\"isPartOf\":{\"@id\":\"https:\\\/\\\/www.secureair.it\\\/fr\\\/ventilation-des-locaux-a-risque-et-explosion-utilisation-des-ventilateurs-axiaux-muraux-atex\\\/\"},\"author\":{\"name\":\"secureair\",\"@id\":\"https:\\\/\\\/www.secureair.it\\\/#\\\/schema\\\/person\\\/d3664a58dadf6698f834c6fe08fa1b25\"},\"headline\":\"Ventilation des locaux \u00e0 risque et explosion, utilisation des ventilateurs axiaux muraux ATEX\",\"datePublished\":\"2021-08-10T09:36:03+00:00\",\"dateModified\":\"2023-08-10T08:40:43+00:00\",\"mainEntityOfPage\":{\"@id\":\"https:\\\/\\\/www.secureair.it\\\/fr\\\/ventilation-des-locaux-a-risque-et-explosion-utilisation-des-ventilateurs-axiaux-muraux-atex\\\/\"},\"wordCount\":706,\"commentCount\":0,\"image\":{\"@id\":\"https:\\\/\\\/www.secureair.it\\\/fr\\\/ventilation-des-locaux-a-risque-et-explosion-utilisation-des-ventilateurs-axiaux-muraux-atex\\\/#primaryimage\"},\"thumbnailUrl\":\"https:\\\/\\\/www.secureair.it\\\/wp-content\\\/uploads\\\/2021\\\/10\\\/ventilazione_ricarica_muletti.jpg\",\"keywords\":[\"2014\\\/34\\\/UE\",\"atex\",\"l\u00e9gislation\",\"risque d'explosion\",\"s\u00e9curit\u00e9 au travail\",\"ventilation\"],\"articleSection\":[\"Technique\",\"L\u00e9gislation\",\"Produits\"],\"inLanguage\":\"fr-FR\"},{\"@type\":\"WebPage\",\"@id\":\"https:\\\/\\\/www.secureair.it\\\/fr\\\/ventilation-des-locaux-a-risque-et-explosion-utilisation-des-ventilateurs-axiaux-muraux-atex\\\/\",\"url\":\"https:\\\/\\\/www.secureair.it\\\/fr\\\/ventilation-des-locaux-a-risque-et-explosion-utilisation-des-ventilateurs-axiaux-muraux-atex\\\/\",\"name\":\"Ventilation des locaux \u00e0 risque et explosion, utilisation des ventilateurs axiaux muraux ATEX - Secure Air\",\"isPartOf\":{\"@id\":\"https:\\\/\\\/www.secureair.it\\\/#website\"},\"primaryImageOfPage\":{\"@id\":\"https:\\\/\\\/www.secureair.it\\\/fr\\\/ventilation-des-locaux-a-risque-et-explosion-utilisation-des-ventilateurs-axiaux-muraux-atex\\\/#primaryimage\"},\"image\":{\"@id\":\"https:\\\/\\\/www.secureair.it\\\/fr\\\/ventilation-des-locaux-a-risque-et-explosion-utilisation-des-ventilateurs-axiaux-muraux-atex\\\/#primaryimage\"},\"thumbnailUrl\":\"https:\\\/\\\/www.secureair.it\\\/wp-content\\\/uploads\\\/2021\\\/10\\\/ventilazione_ricarica_muletti.jpg\",\"datePublished\":\"2021-08-10T09:36:03+00:00\",\"dateModified\":\"2023-08-10T08:40:43+00:00\",\"author\":{\"@id\":\"https:\\\/\\\/www.secureair.it\\\/#\\\/schema\\\/person\\\/d3664a58dadf6698f834c6fe08fa1b25\"},\"description\":\"L\u2019utilisation de ventilateurs axiaux ATEX pour le remplacement de l\u2019air requis par la r\u00e9glementation dans les locaux \u00e0 risque d\u2019explosion est une excellente solution\",\"breadcrumb\":{\"@id\":\"https:\\\/\\\/www.secureair.it\\\/fr\\\/ventilation-des-locaux-a-risque-et-explosion-utilisation-des-ventilateurs-axiaux-muraux-atex\\\/#breadcrumb\"},\"inLanguage\":\"fr-FR\",\"potentialAction\":[{\"@type\":\"ReadAction\",\"target\":[\"https:\\\/\\\/www.secureair.it\\\/fr\\\/ventilation-des-locaux-a-risque-et-explosion-utilisation-des-ventilateurs-axiaux-muraux-atex\\\/\"]}]},{\"@type\":\"ImageObject\",\"inLanguage\":\"fr-FR\",\"@id\":\"https:\\\/\\\/www.secureair.it\\\/fr\\\/ventilation-des-locaux-a-risque-et-explosion-utilisation-des-ventilateurs-axiaux-muraux-atex\\\/#primaryimage\",\"url\":\"https:\\\/\\\/www.secureair.it\\\/wp-content\\\/uploads\\\/2021\\\/10\\\/ventilazione_ricarica_muletti.jpg\",\"contentUrl\":\"https:\\\/\\\/www.secureair.it\\\/wp-content\\\/uploads\\\/2021\\\/10\\\/ventilazione_ricarica_muletti.jpg\",\"width\":800,\"height\":800},{\"@type\":\"BreadcrumbList\",\"@id\":\"https:\\\/\\\/www.secureair.it\\\/fr\\\/ventilation-des-locaux-a-risque-et-explosion-utilisation-des-ventilateurs-axiaux-muraux-atex\\\/#breadcrumb\",\"itemListElement\":[{\"@type\":\"ListItem\",\"position\":1,\"name\":\"Home\",\"item\":\"https:\\\/\\\/www.secureair.it\\\/fr\\\/\"},{\"@type\":\"ListItem\",\"position\":2,\"name\":\"Ventilation des locaux \u00e0 risque et explosion, utilisation des ventilateurs axiaux muraux ATEX\"}]},{\"@type\":\"WebSite\",\"@id\":\"https:\\\/\\\/www.secureair.it\\\/#website\",\"url\":\"https:\\\/\\\/www.secureair.it\\\/\",\"name\":\"Secure Air\",\"description\":\"Sistemi di aspirazione professionali\",\"potentialAction\":[{\"@type\":\"SearchAction\",\"target\":{\"@type\":\"EntryPoint\",\"urlTemplate\":\"https:\\\/\\\/www.secureair.it\\\/?s={search_term_string}\"},\"query-input\":{\"@type\":\"PropertyValueSpecification\",\"valueRequired\":true,\"valueName\":\"search_term_string\"}}],\"inLanguage\":\"fr-FR\"},{\"@type\":\"Person\",\"@id\":\"https:\\\/\\\/www.secureair.it\\\/#\\\/schema\\\/person\\\/d3664a58dadf6698f834c6fe08fa1b25\",\"name\":\"secureair\",\"image\":{\"@type\":\"ImageObject\",\"inLanguage\":\"fr-FR\",\"@id\":\"https:\\\/\\\/secure.gravatar.com\\\/avatar\\\/7a8c889602d30ee22864f4eb693098e25bc9c64849845e7ee6344c58f10d2500?s=96&d=mm&r=g\",\"url\":\"https:\\\/\\\/secure.gravatar.com\\\/avatar\\\/7a8c889602d30ee22864f4eb693098e25bc9c64849845e7ee6344c58f10d2500?s=96&d=mm&r=g\",\"contentUrl\":\"https:\\\/\\\/secure.gravatar.com\\\/avatar\\\/7a8c889602d30ee22864f4eb693098e25bc9c64849845e7ee6344c58f10d2500?s=96&d=mm&r=g\",\"caption\":\"secureair\"},\"url\":\"https:\\\/\\\/www.secureair.it\\\/fr\\\/author\\\/secureair\\\/\"}]}<\/script>\n<!-- \/ Yoast SEO plugin. -->","yoast_head_json":{"title":"Ventilation des locaux \u00e0 risque et explosion, utilisation des ventilateurs axiaux muraux ATEX - Secure Air","description":"L\u2019utilisation de ventilateurs axiaux ATEX pour le remplacement de l\u2019air requis par la r\u00e9glementation dans les locaux \u00e0 risque d\u2019explosion est une excellente solution","robots":{"index":"index","follow":"follow","max-snippet":"max-snippet:-1","max-image-preview":"max-image-preview:large","max-video-preview":"max-video-preview:-1"},"canonical":"https:\/\/www.secureair.it\/fr\/ventilation-des-locaux-a-risque-et-explosion-utilisation-des-ventilateurs-axiaux-muraux-atex\/","og_locale":"fr_FR","og_type":"article","og_title":"Ventilation des locaux \u00e0 risque et explosion, utilisation des ventilateurs axiaux muraux ATEX - Secure Air","og_description":"L\u2019utilisation de ventilateurs axiaux ATEX pour le remplacement de l\u2019air requis par la r\u00e9glementation dans les locaux \u00e0 risque d\u2019explosion est une excellente solution","og_url":"https:\/\/www.secureair.it\/fr\/ventilation-des-locaux-a-risque-et-explosion-utilisation-des-ventilateurs-axiaux-muraux-atex\/","og_site_name":"Secure Air","article_published_time":"2021-08-10T09:36:03+00:00","article_modified_time":"2023-08-10T08:40:43+00:00","og_image":[{"width":800,"height":800,"url":"https:\/\/www.secureair.it\/wp-content\/uploads\/2021\/10\/ventilazione_ricarica_muletti.jpg","type":"image\/jpeg"}],"author":"secureair","twitter_card":"summary_large_image","twitter_misc":{"\u00c9crit par":"secureair","Dur\u00e9e de lecture estim\u00e9e":"4 minutes"},"schema":{"@context":"https:\/\/schema.org","@graph":[{"@type":"Article","@id":"https:\/\/www.secureair.it\/fr\/ventilation-des-locaux-a-risque-et-explosion-utilisation-des-ventilateurs-axiaux-muraux-atex\/#article","isPartOf":{"@id":"https:\/\/www.secureair.it\/fr\/ventilation-des-locaux-a-risque-et-explosion-utilisation-des-ventilateurs-axiaux-muraux-atex\/"},"author":{"name":"secureair","@id":"https:\/\/www.secureair.it\/#\/schema\/person\/d3664a58dadf6698f834c6fe08fa1b25"},"headline":"Ventilation des locaux \u00e0 risque et explosion, utilisation des ventilateurs axiaux muraux ATEX","datePublished":"2021-08-10T09:36:03+00:00","dateModified":"2023-08-10T08:40:43+00:00","mainEntityOfPage":{"@id":"https:\/\/www.secureair.it\/fr\/ventilation-des-locaux-a-risque-et-explosion-utilisation-des-ventilateurs-axiaux-muraux-atex\/"},"wordCount":706,"commentCount":0,"image":{"@id":"https:\/\/www.secureair.it\/fr\/ventilation-des-locaux-a-risque-et-explosion-utilisation-des-ventilateurs-axiaux-muraux-atex\/#primaryimage"},"thumbnailUrl":"https:\/\/www.secureair.it\/wp-content\/uploads\/2021\/10\/ventilazione_ricarica_muletti.jpg","keywords":["2014\/34\/UE","atex","l\u00e9gislation","risque d'explosion","s\u00e9curit\u00e9 au travail","ventilation"],"articleSection":["Technique","L\u00e9gislation","Produits"],"inLanguage":"fr-FR"},{"@type":"WebPage","@id":"https:\/\/www.secureair.it\/fr\/ventilation-des-locaux-a-risque-et-explosion-utilisation-des-ventilateurs-axiaux-muraux-atex\/","url":"https:\/\/www.secureair.it\/fr\/ventilation-des-locaux-a-risque-et-explosion-utilisation-des-ventilateurs-axiaux-muraux-atex\/","name":"Ventilation des locaux \u00e0 risque et explosion, utilisation des ventilateurs axiaux muraux ATEX - Secure Air","isPartOf":{"@id":"https:\/\/www.secureair.it\/#website"},"primaryImageOfPage":{"@id":"https:\/\/www.secureair.it\/fr\/ventilation-des-locaux-a-risque-et-explosion-utilisation-des-ventilateurs-axiaux-muraux-atex\/#primaryimage"},"image":{"@id":"https:\/\/www.secureair.it\/fr\/ventilation-des-locaux-a-risque-et-explosion-utilisation-des-ventilateurs-axiaux-muraux-atex\/#primaryimage"},"thumbnailUrl":"https:\/\/www.secureair.it\/wp-content\/uploads\/2021\/10\/ventilazione_ricarica_muletti.jpg","datePublished":"2021-08-10T09:36:03+00:00","dateModified":"2023-08-10T08:40:43+00:00","author":{"@id":"https:\/\/www.secureair.it\/#\/schema\/person\/d3664a58dadf6698f834c6fe08fa1b25"},"description":"L\u2019utilisation de ventilateurs axiaux ATEX pour le remplacement de l\u2019air requis par la r\u00e9glementation dans les locaux \u00e0 risque d\u2019explosion est une excellente solution","breadcrumb":{"@id":"https:\/\/www.secureair.it\/fr\/ventilation-des-locaux-a-risque-et-explosion-utilisation-des-ventilateurs-axiaux-muraux-atex\/#breadcrumb"},"inLanguage":"fr-FR","potentialAction":[{"@type":"ReadAction","target":["https:\/\/www.secureair.it\/fr\/ventilation-des-locaux-a-risque-et-explosion-utilisation-des-ventilateurs-axiaux-muraux-atex\/"]}]},{"@type":"ImageObject","inLanguage":"fr-FR","@id":"https:\/\/www.secureair.it\/fr\/ventilation-des-locaux-a-risque-et-explosion-utilisation-des-ventilateurs-axiaux-muraux-atex\/#primaryimage","url":"https:\/\/www.secureair.it\/wp-content\/uploads\/2021\/10\/ventilazione_ricarica_muletti.jpg","contentUrl":"https:\/\/www.secureair.it\/wp-content\/uploads\/2021\/10\/ventilazione_ricarica_muletti.jpg","width":800,"height":800},{"@type":"BreadcrumbList","@id":"https:\/\/www.secureair.it\/fr\/ventilation-des-locaux-a-risque-et-explosion-utilisation-des-ventilateurs-axiaux-muraux-atex\/#breadcrumb","itemListElement":[{"@type":"ListItem","position":1,"name":"Home","item":"https:\/\/www.secureair.it\/fr\/"},{"@type":"ListItem","position":2,"name":"Ventilation des locaux \u00e0 risque et explosion, utilisation des ventilateurs axiaux muraux ATEX"}]},{"@type":"WebSite","@id":"https:\/\/www.secureair.it\/#website","url":"https:\/\/www.secureair.it\/","name":"Secure Air","description":"Sistemi di aspirazione professionali","potentialAction":[{"@type":"SearchAction","target":{"@type":"EntryPoint","urlTemplate":"https:\/\/www.secureair.it\/?s={search_term_string}"},"query-input":{"@type":"PropertyValueSpecification","valueRequired":true,"valueName":"search_term_string"}}],"inLanguage":"fr-FR"},{"@type":"Person","@id":"https:\/\/www.secureair.it\/#\/schema\/person\/d3664a58dadf6698f834c6fe08fa1b25","name":"secureair","image":{"@type":"ImageObject","inLanguage":"fr-FR","@id":"https:\/\/secure.gravatar.com\/avatar\/7a8c889602d30ee22864f4eb693098e25bc9c64849845e7ee6344c58f10d2500?s=96&d=mm&r=g","url":"https:\/\/secure.gravatar.com\/avatar\/7a8c889602d30ee22864f4eb693098e25bc9c64849845e7ee6344c58f10d2500?s=96&d=mm&r=g","contentUrl":"https:\/\/secure.gravatar.com\/avatar\/7a8c889602d30ee22864f4eb693098e25bc9c64849845e7ee6344c58f10d2500?s=96&d=mm&r=g","caption":"secureair"},"url":"https:\/\/www.secureair.it\/fr\/author\/secureair\/"}]}},"_links":{"self":[{"href":"https:\/\/www.secureair.it\/fr\/wp-json\/wp\/v2\/posts\/29257","targetHints":{"allow":["GET"]}}],"collection":[{"href":"https:\/\/www.secureair.it\/fr\/wp-json\/wp\/v2\/posts"}],"about":[{"href":"https:\/\/www.secureair.it\/fr\/wp-json\/wp\/v2\/types\/post"}],"author":[{"embeddable":true,"href":"https:\/\/www.secureair.it\/fr\/wp-json\/wp\/v2\/users\/2"}],"replies":[{"embeddable":true,"href":"https:\/\/www.secureair.it\/fr\/wp-json\/wp\/v2\/comments?post=29257"}],"version-history":[{"count":2,"href":"https:\/\/www.secureair.it\/fr\/wp-json\/wp\/v2\/posts\/29257\/revisions"}],"predecessor-version":[{"id":29259,"href":"https:\/\/www.secureair.it\/fr\/wp-json\/wp\/v2\/posts\/29257\/revisions\/29259"}],"wp:featuredmedia":[{"embeddable":true,"href":"https:\/\/www.secureair.it\/fr\/wp-json\/wp\/v2\/media\/27448"}],"wp:attachment":[{"href":"https:\/\/www.secureair.it\/fr\/wp-json\/wp\/v2\/media?parent=29257"}],"wp:term":[{"taxonomy":"category","embeddable":true,"href":"https:\/\/www.secureair.it\/fr\/wp-json\/wp\/v2\/categories?post=29257"},{"taxonomy":"post_tag","embeddable":true,"href":"https:\/\/www.secureair.it\/fr\/wp-json\/wp\/v2\/tags?post=29257"}],"curies":[{"name":"wp","href":"https:\/\/api.w.org\/{rel}","templated":true}]}}