{"id":29465,"date":"2019-05-22T11:45:48","date_gmt":"2019-05-22T09:45:48","guid":{"rendered":"https:\/\/www.secureair.it\/ventilazione-ambienti-di-lavoro-industriali-normative-e-tecniche-innovative\/"},"modified":"2023-09-11T10:30:32","modified_gmt":"2023-09-11T08:30:32","slug":"ventilation-des-environnements-de-travail-industriels-normes-et-techniques-innovantes","status":"publish","type":"post","link":"https:\/\/www.secureair.it\/fr\/ventilation-des-environnements-de-travail-industriels-normes-et-techniques-innovantes\/","title":{"rendered":"Ventilation des environnements de travail industriels\u00a0: normes et techniques innovantes"},"content":{"rendered":"<h3>Ventilation et assainissement des lieux de travail, un th\u00e8me tr\u00e8s important et ressenti diff\u00e9remment selon les saisons et son climat.<\/h3>\n<p>&#8211; Pendant la phase hivernale, les portes et les fen\u00eatres se ferment, ce qui entra\u00eene une stagnation des fum\u00e9es avec une mauvaise ventilation et un renouvellement de l\u2019air.<\/p>\n<p>&#8211; Pendant la p\u00e9riode estivale ou les saisons interm\u00e9diaires, le probl\u00e8me de la ventilation est partiellement r\u00e9solu en ouvrant des portes, des portes et des fen\u00eatres, m\u00eame si cela n\u2019est pas possible la nuit ou en cas de pluie.<\/p>\n<p><strong>Commen\u00e7ons avec les r\u00e9f\u00e9rences r\u00e9glementaires<\/strong><\/p>\n<p>Le <strong>D\u00e9cret L\u00e9gislatif du 9 avril 2008<\/strong>, connu sous le nom de <strong>loi 81<\/strong>, \u00e0 l\u2019<strong>annexe IV, point 2.1.9.1<\/strong>, indique clairement que, <strong>dans les locaux ou lieux de travail ou de passage, il doit \u00eatre, autant que techniquement possible, emp\u00eacher ou r\u00e9duire au minimum la formation de concentrations dangereuses ou nocives de gaz, vapeurs ou poussi\u00e8res explosives, inflammables, asphyxiantes ou toxiques<\/strong>; dans la mesure n\u00e9cessaire, une ventilation ad\u00e9quate doit \u00eatre assur\u00e9e afin d\u2019\u00e9viter ces concentrations.<\/p>\n<p><strong>Quels sont les objectifs de la ventilation g\u00e9n\u00e9rale en production<\/strong><\/p>\n<p>En laissant de c\u00f4t\u00e9 les bureaux ou autres locaux, nous voulons nous concentrer sur les ateliers de soudage, de meulage, de peinture ou o\u00f9 les fum\u00e9es et les poudres sont produites en grande quantit\u00e9. Dans ce cas, le syst\u00e8me de ventilation <strong><em>doit imp\u00e9rativement se concentrer sur l\u2019expulsion des fum\u00e9es stagnantes<\/em><\/strong> en supposant que le nuage de fum\u00e9es en production <strong><em>stagne g\u00e9n\u00e9ralement \u00e0 une hauteur comprise entre 4 et 7 m\u00e8tres du sol.<\/em><\/strong><\/p>\n<p><em>Bien s\u00fbr, le flux d\u2019air aide \u00e0 normaliser la temp\u00e9rature pendant les p\u00e9riodes de chauffage, en \u00e9vitant que l\u2019air chaud ne stagne au sommet, ce qui entra\u00eene des avantages non seulement pour les fum\u00e9es, mais aussi pour am\u00e9liorer le microclimat dans l\u2019atelier.<\/em><\/p>\n<h3>Recirculation de l\u2019air oui ou non?<\/h3>\n<p>La r\u00e9glementation nationale de r\u00e9f\u00e9rence, <strong>DPR no 303\/56, sur l\u2019hygi\u00e8ne du lieu de travail<\/strong>, ne s\u2019exprime pas clairement sur la possibilit\u00e9 ou non de la recirculation de l\u2019air dans les lieux de travail. Le Conseil a adopt\u00e9 une d\u00e9cision.<\/p>\n<p>Certainement pour pouvoir aspirer, filtrer et recirculer l\u2019air \u00e0 l\u2019int\u00e9rieur d\u2019un atelier o\u00f9 il y a des fum\u00e9es et des poussi\u00e8res il est n\u00e9cessaire d\u2019effectuer un projet de bonification qui utilise les meilleures technologies disponibles et dans tous les cas il n\u2019est pas possible recirculer en cas de pr\u00e9sence de polluants tr\u00e8s toxiques.<\/p>\n<h3>Solution 4.0 SECUREAIR\u00a0: le syst\u00e8me de ventilation des espaces de travail devient \u00ab\u00a0intelligent\u00a0\u00bb<\/h3>\n<p>Le projet pr\u00e9voit la ventilation des locaux avec aspiration et expulsion \u00e0 l\u2019ext\u00e9rieur des fum\u00e9es et des poussi\u00e8res stagnantes, r\u00e9alis\u00e9e par des <a href=\"https:\/\/www.secureair.it\/fr\/prodotto\/ventilateurs-axiaux-a-panneaux-seq\/\">ventilateurs muraux<\/a> ou des extracteurs de toit, avec allumage et arr\u00eat contr\u00f4l\u00e9s automatiquement par le syst\u00e8me <a href=\"https:\/\/www.secureair.it\/fr\/prodotto\/systeme-de-surveillance-de-lenvironnement-airtracker-4-0\/\">AIRTRACKER<\/a>.<br \/>\nComment cela fonctionne<br \/>\nGr\u00e2ce \u00e0 AIRTRACKER, il est possible de surveiller en temps r\u00e9el les principaux param\u00e8tres environnementaux de l\u2019air dans l\u2019atelier et donc d\u2019actionner la ventilation uniquement lorsque cela est n\u00e9cessaire via un <a href=\"https:\/\/www.secureair.it\/fr\/prodotto\/controleur-dair-wifi-pour-la-connexion-a-un-panneau-de-controle-externe\/\">contr\u00f4leur Wifi<\/a> qui doit simplement \u00eatre connect\u00e9 au tableau \u00e9lectrique d\u2019entra\u00eenement ventilateurs.<\/p>\n<p><em><strong>Pourquoi \u00ab\u00a0intelligent\u00a0\u00bb<\/strong><\/em><br \/>\n&#8211; S\u00fbr pour les travailleurs, il fonctionne toujours en cas de pr\u00e9sence de fum\u00e9e.<br \/>\n&#8211; Aussi efficace pour la ventilation estivale, avec contr\u00f4le de la temp\u00e9rature ambiante.<br \/>\n&#8211; Applicable dans n\u2019importe quel environnement d\u2019exploitation, m\u00eame sur des syst\u00e8mes de ventilation existants.<\/p>\n<div id=\"attachment_1673\" style=\"width: 511px\" class=\"wp-caption aligncenter\"><a title=\"Sistema di monitoraggio ambientale 4.0 AIRTRACKER\" href=\"https:\/\/www.secureair.it\/p\/sistema-di-monitoraggio-ambientale-4-0-airtracker\/\"><img loading=\"lazy\" decoding=\"async\" aria-describedby=\"caption-attachment-1673\" class=\"wp-image-1673\" title=\"Sistema di monitoraggio ambientale 4.0 AIRTRACKER\" src=\"https:\/\/www.secureair.it\/wp-content\/uploads\/2019\/06\/ventilazione_ambiente_lavoro_secureair40-300x219.jpg\" alt=\"Sistema di monitoraggio ambientale 4.0 AIRTRACKER\" width=\"501\" height=\"365\" srcset=\"https:\/\/www.secureair.it\/wp-content\/uploads\/2019\/06\/ventilazione_ambiente_lavoro_secureair40-300x219.jpg 300w, https:\/\/www.secureair.it\/wp-content\/uploads\/2019\/06\/ventilazione_ambiente_lavoro_secureair40-600x437.jpg 600w, https:\/\/www.secureair.it\/wp-content\/uploads\/2019\/06\/ventilazione_ambiente_lavoro_secureair40-768x560.jpg 768w, https:\/\/www.secureair.it\/wp-content\/uploads\/2019\/06\/ventilazione_ambiente_lavoro_secureair40-412x300.jpg 412w, https:\/\/www.secureair.it\/wp-content\/uploads\/2019\/06\/ventilazione_ambiente_lavoro_secureair40.jpg 823w\" sizes=\"auto, (max-width: 501px) 100vw, 501px\" \/><\/a><p id=\"caption-attachment-1673\" class=\"wp-caption-text\">Syst\u00e8me de surveillance de l\u2019environnement 4.0 AIRTRACKER<\/p><\/div>\n<h3>Mais comment calculer le d\u00e9bit correct de la ventilation ambiante dans l\u2019atelier?<\/h3>\n<p>En termes de projet, les professionnels consid\u00e8rent g\u00e9n\u00e9ralement:<\/p>\n<ul>\n<li>Pi\u00e8ces de rechange\/heure, ou volumes\/heure<\/li>\n<li>D\u00e9bits sp\u00e9cifiques par personne<\/li>\n<li>D\u00e9bits sp\u00e9cifiques par unit\u00e9 de surface du local<\/li>\n<\/ul>\n<p>Les pi\u00e8ces de rechange\/heure sont les plus utilis\u00e9es pour la ventilation des environnements industriels productifs, les halls, les ateliers et les usines. Ils repr\u00e9sentent un d\u00e9bit sp\u00e9cifique par m\u00e8tre cube, en pratique il faut multiplier le volume de l\u2019environnement par le nombre de pi\u00e8ces de rechange\/heure d\u00e9sir\u00e9es, de mani\u00e8re \u00e0 obtenir le d\u00e9bit en x mille m3\/h demand\u00e9 \u00e0 l\u2019installation.<\/p>\n<p>Une fois le d\u00e9bit total obtenu, il faut:<\/p>\n<ul>\n<li>Divisez-la par le nombre d\u2019aspirateurs \/ ventilateurs que vous souhaitez installer.<\/li>\n<li>R\u00e9fl\u00e9chissez \u00e0 la fa\u00e7on dont vous pouvez effectuer le remplissage d\u2019air qui, lorsque toutes les portes et fen\u00eatres sont ferm\u00e9es, doit se faire \u00e0 travers, par exemple, des grilles de reprise, o\u00f9 l\u2019air rentre simplement \u00e0 cause de la d\u00e9pression g\u00e9n\u00e9r\u00e9e par les ventilateurs.<\/li>\n<\/ul>\n<p>Normalement dans les environnements industriels productifs on va d\u2019un minimum de 6\/10 pi\u00e8ces\/heure jusqu\u2019aux 20 pi\u00e8ces\/heure des fonderies.<\/p>\n<p><strong>Exemple pratique d\u2019utilisation du syst\u00e8me <a href=\"https:\/\/www.secureair.it\/fr\/prodotto\/systeme-de-surveillance-de-lenvironnement-airtracker-4-0\/\">Airtracker<\/a> dans un atelier m\u00e9canique<\/strong><\/p>\n<p>Install\u00e9 au mur ou au plafond, en atteignant la valeur maximale des particules fines et des fum\u00e9es dans l\u2019air (r\u00e9glable entre 0 mg\/m3 \u00e0 15 mg\/m3), il <strong><em>d\u00e9clenche automatiquement la ventilation forc\u00e9e de la pi\u00e8ce<\/em><\/strong>, permettant ainsi d\u2019expulser la fum\u00e9e et les poussi\u00e8res de soudage, meulage ou autres polluants, puis \u00e9teindre les ventilateurs une fois que le niveau de poussi\u00e8re est revenu au seuil prescrit par la r\u00e9glementation, en \u00e9conomisant de l\u2019\u00e9nergie.<\/p>\n<div id=\"attachment_753\" style=\"width: 510px\" class=\"wp-caption aligncenter\"><img loading=\"lazy\" decoding=\"async\" aria-describedby=\"caption-attachment-753\" class=\"wp-image-753\" src=\"https:\/\/www.secureair.it\/wp-content\/uploads\/2018\/09\/installazione_officina_airtracker-300x143.jpg\" alt=\"Sensore presenza polveri officina per gestione impianti di aspirazione ventilazione industriale\" width=\"500\" height=\"239\" srcset=\"https:\/\/www.secureair.it\/wp-content\/uploads\/2018\/09\/installazione_officina_airtracker-300x143.jpg 300w, https:\/\/www.secureair.it\/wp-content\/uploads\/2018\/09\/installazione_officina_airtracker.jpg 596w\" sizes=\"auto, (max-width: 500px) 100vw, 500px\" \/><p id=\"caption-attachment-753\" class=\"wp-caption-text\">Capteur D\u00e9tection de poussi\u00e8re<\/p><\/div>\n<h3>Comment il communique<\/h3>\n<p>Une barre LED avec fonction de feu de signalisation indique l\u2019\u00e9tat actuel de la concentration de poussi\u00e8res fines dans l\u2019air ambiant.<\/p>\n<p><strong>Gr\u00e2ce \u00e0 tout appareil dot\u00e9 de fonctionnalit\u00e9s Internet (smartphone, tablette, PC), il est possible de se connecter avec l\u2019Airtracker via Wi-Fi ou LAN.<\/strong><\/p>\n<p>Les 3 contacts de fermeture sans potentiel peuvent \u00eatre utilis\u00e9s pour l\u2019int\u00e9gration de ventilateurs ou d\u2019\u00e9quipements similaires. Les relais sont \u00e9galement connect\u00e9s \u00e0 la barre.<\/p>\n","protected":false},"excerpt":{"rendered":"<p>Ventilation et assainissement des lieux de travail, un th\u00e8me tr\u00e8s important et ressenti diff\u00e9remment selon les saisons et son climat. &#8211; Pendant la phase hivernale, les portes et les fen\u00eatres se ferment, ce qui entra\u00eene une stagnation des fum\u00e9es avec une mauvaise ventilation et un renouvellement de l\u2019air. &#8211; Pendant la p\u00e9riode estivale ou les [&hellip;]<\/p>\n","protected":false},"author":1,"featured_media":29466,"comment_status":"open","ping_status":"open","sticky":false,"template":"","format":"standard","meta":{"_acf_changed":false,"footnotes":""},"categories":[3420,3418],"tags":[],"class_list":["post-29465","post","type-post","status-publish","format-standard","has-post-thumbnail","hentry","category-technique-fr","category-legislation"],"acf":[],"yoast_head":"<!-- This site is optimized with the Yoast SEO plugin v27.4 - https:\/\/yoast.com\/product\/yoast-seo-wordpress\/ -->\n<title>Ventilation des environnements de travail industriels\u00a0: normes et techniques innovantes - Secure Air<\/title>\n<meta name=\"description\" content=\"A\u00e9ration des environnements de travail industriels\u00a0: normes et techniques innovantes que Secureair met \u00e0 disposition pour la sauvegarde de la sant\u00e9 sur les lieux de travail.\" \/>\n<meta name=\"robots\" content=\"index, follow, max-snippet:-1, max-image-preview:large, max-video-preview:-1\" \/>\n<link rel=\"canonical\" href=\"https:\/\/www.secureair.it\/fr\/ventilation-des-environnements-de-travail-industriels-normes-et-techniques-innovantes\/\" \/>\n<meta property=\"og:locale\" content=\"fr_FR\" \/>\n<meta property=\"og:type\" content=\"article\" \/>\n<meta property=\"og:title\" content=\"Ventilation des environnements de travail industriels\u00a0: normes et techniques innovantes - Secure Air\" \/>\n<meta property=\"og:description\" content=\"A\u00e9ration des environnements de travail industriels\u00a0: normes et techniques innovantes que Secureair met \u00e0 disposition pour la sauvegarde de la sant\u00e9 sur les lieux de travail.\" \/>\n<meta property=\"og:url\" content=\"https:\/\/www.secureair.it\/fr\/ventilation-des-environnements-de-travail-industriels-normes-et-techniques-innovantes\/\" \/>\n<meta property=\"og:site_name\" content=\"Secure Air\" \/>\n<meta property=\"article:published_time\" content=\"2019-05-22T09:45:48+00:00\" \/>\n<meta property=\"article:modified_time\" content=\"2023-09-11T08:30:32+00:00\" \/>\n<meta property=\"og:image\" content=\"https:\/\/www.secureair.it\/wp-content\/uploads\/2019\/06\/news_ventilazioneambientilavoro.jpg\" \/>\n\t<meta property=\"og:image:width\" content=\"596\" \/>\n\t<meta property=\"og:image:height\" content=\"285\" \/>\n\t<meta property=\"og:image:type\" content=\"image\/jpeg\" \/>\n<meta name=\"author\" content=\"secureair-237861\" \/>\n<meta name=\"twitter:card\" content=\"summary_large_image\" \/>\n<meta name=\"twitter:label1\" content=\"\u00c9crit par\" \/>\n\t<meta name=\"twitter:data1\" content=\"secureair-237861\" \/>\n\t<meta name=\"twitter:label2\" content=\"Dur\u00e9e de lecture estim\u00e9e\" \/>\n\t<meta name=\"twitter:data2\" content=\"6 minutes\" \/>\n<script type=\"application\/ld+json\" class=\"yoast-schema-graph\">{\"@context\":\"https:\\\/\\\/schema.org\",\"@graph\":[{\"@type\":\"Article\",\"@id\":\"https:\\\/\\\/www.secureair.it\\\/fr\\\/ventilation-des-environnements-de-travail-industriels-normes-et-techniques-innovantes\\\/#article\",\"isPartOf\":{\"@id\":\"https:\\\/\\\/www.secureair.it\\\/fr\\\/ventilation-des-environnements-de-travail-industriels-normes-et-techniques-innovantes\\\/\"},\"author\":{\"name\":\"secureair-237861\",\"@id\":\"https:\\\/\\\/www.secureair.it\\\/#\\\/schema\\\/person\\\/65bd486afba01e24bb79b18a2ff80a50\"},\"headline\":\"Ventilation des environnements de travail industriels\u00a0: normes et techniques innovantes\",\"datePublished\":\"2019-05-22T09:45:48+00:00\",\"dateModified\":\"2023-09-11T08:30:32+00:00\",\"mainEntityOfPage\":{\"@id\":\"https:\\\/\\\/www.secureair.it\\\/fr\\\/ventilation-des-environnements-de-travail-industriels-normes-et-techniques-innovantes\\\/\"},\"wordCount\":1047,\"commentCount\":0,\"image\":{\"@id\":\"https:\\\/\\\/www.secureair.it\\\/fr\\\/ventilation-des-environnements-de-travail-industriels-normes-et-techniques-innovantes\\\/#primaryimage\"},\"thumbnailUrl\":\"https:\\\/\\\/www.secureair.it\\\/wp-content\\\/uploads\\\/2019\\\/06\\\/news_ventilazioneambientilavoro.jpg\",\"articleSection\":[\"Technique\",\"L\u00e9gislation\"],\"inLanguage\":\"fr-FR\"},{\"@type\":\"WebPage\",\"@id\":\"https:\\\/\\\/www.secureair.it\\\/fr\\\/ventilation-des-environnements-de-travail-industriels-normes-et-techniques-innovantes\\\/\",\"url\":\"https:\\\/\\\/www.secureair.it\\\/fr\\\/ventilation-des-environnements-de-travail-industriels-normes-et-techniques-innovantes\\\/\",\"name\":\"Ventilation des environnements de travail industriels\u00a0: normes et techniques innovantes - Secure Air\",\"isPartOf\":{\"@id\":\"https:\\\/\\\/www.secureair.it\\\/#website\"},\"primaryImageOfPage\":{\"@id\":\"https:\\\/\\\/www.secureair.it\\\/fr\\\/ventilation-des-environnements-de-travail-industriels-normes-et-techniques-innovantes\\\/#primaryimage\"},\"image\":{\"@id\":\"https:\\\/\\\/www.secureair.it\\\/fr\\\/ventilation-des-environnements-de-travail-industriels-normes-et-techniques-innovantes\\\/#primaryimage\"},\"thumbnailUrl\":\"https:\\\/\\\/www.secureair.it\\\/wp-content\\\/uploads\\\/2019\\\/06\\\/news_ventilazioneambientilavoro.jpg\",\"datePublished\":\"2019-05-22T09:45:48+00:00\",\"dateModified\":\"2023-09-11T08:30:32+00:00\",\"author\":{\"@id\":\"https:\\\/\\\/www.secureair.it\\\/#\\\/schema\\\/person\\\/65bd486afba01e24bb79b18a2ff80a50\"},\"description\":\"A\u00e9ration des environnements de travail industriels\u00a0: normes et techniques innovantes que Secureair met \u00e0 disposition pour la sauvegarde de la sant\u00e9 sur les lieux de travail.\",\"breadcrumb\":{\"@id\":\"https:\\\/\\\/www.secureair.it\\\/fr\\\/ventilation-des-environnements-de-travail-industriels-normes-et-techniques-innovantes\\\/#breadcrumb\"},\"inLanguage\":\"fr-FR\",\"potentialAction\":[{\"@type\":\"ReadAction\",\"target\":[\"https:\\\/\\\/www.secureair.it\\\/fr\\\/ventilation-des-environnements-de-travail-industriels-normes-et-techniques-innovantes\\\/\"]}]},{\"@type\":\"ImageObject\",\"inLanguage\":\"fr-FR\",\"@id\":\"https:\\\/\\\/www.secureair.it\\\/fr\\\/ventilation-des-environnements-de-travail-industriels-normes-et-techniques-innovantes\\\/#primaryimage\",\"url\":\"https:\\\/\\\/www.secureair.it\\\/wp-content\\\/uploads\\\/2019\\\/06\\\/news_ventilazioneambientilavoro.jpg\",\"contentUrl\":\"https:\\\/\\\/www.secureair.it\\\/wp-content\\\/uploads\\\/2019\\\/06\\\/news_ventilazioneambientilavoro.jpg\",\"width\":596,\"height\":285},{\"@type\":\"BreadcrumbList\",\"@id\":\"https:\\\/\\\/www.secureair.it\\\/fr\\\/ventilation-des-environnements-de-travail-industriels-normes-et-techniques-innovantes\\\/#breadcrumb\",\"itemListElement\":[{\"@type\":\"ListItem\",\"position\":1,\"name\":\"Home\",\"item\":\"https:\\\/\\\/www.secureair.it\\\/fr\\\/\"},{\"@type\":\"ListItem\",\"position\":2,\"name\":\"Ventilation des environnements de travail industriels\u00a0: normes et techniques innovantes\"}]},{\"@type\":\"WebSite\",\"@id\":\"https:\\\/\\\/www.secureair.it\\\/#website\",\"url\":\"https:\\\/\\\/www.secureair.it\\\/\",\"name\":\"Secure Air\",\"description\":\"Sistemi di aspirazione professionali\",\"potentialAction\":[{\"@type\":\"SearchAction\",\"target\":{\"@type\":\"EntryPoint\",\"urlTemplate\":\"https:\\\/\\\/www.secureair.it\\\/?s={search_term_string}\"},\"query-input\":{\"@type\":\"PropertyValueSpecification\",\"valueRequired\":true,\"valueName\":\"search_term_string\"}}],\"inLanguage\":\"fr-FR\"},{\"@type\":\"Person\",\"@id\":\"https:\\\/\\\/www.secureair.it\\\/#\\\/schema\\\/person\\\/65bd486afba01e24bb79b18a2ff80a50\",\"name\":\"secureair-237861\",\"image\":{\"@type\":\"ImageObject\",\"inLanguage\":\"fr-FR\",\"@id\":\"https:\\\/\\\/secure.gravatar.com\\\/avatar\\\/90d6d707d59b9dd197a09f388dbe7b52a8b2dac3907433733ac069f0f60c9c06?s=96&d=mm&r=g\",\"url\":\"https:\\\/\\\/secure.gravatar.com\\\/avatar\\\/90d6d707d59b9dd197a09f388dbe7b52a8b2dac3907433733ac069f0f60c9c06?s=96&d=mm&r=g\",\"contentUrl\":\"https:\\\/\\\/secure.gravatar.com\\\/avatar\\\/90d6d707d59b9dd197a09f388dbe7b52a8b2dac3907433733ac069f0f60c9c06?s=96&d=mm&r=g\",\"caption\":\"secureair-237861\"},\"url\":\"https:\\\/\\\/www.secureair.it\\\/fr\\\/author\\\/secureair-237861\\\/\"}]}<\/script>\n<!-- \/ Yoast SEO plugin. -->","yoast_head_json":{"title":"Ventilation des environnements de travail industriels\u00a0: normes et techniques innovantes - Secure Air","description":"A\u00e9ration des environnements de travail industriels\u00a0: normes et techniques innovantes que Secureair met \u00e0 disposition pour la sauvegarde de la sant\u00e9 sur les lieux de travail.","robots":{"index":"index","follow":"follow","max-snippet":"max-snippet:-1","max-image-preview":"max-image-preview:large","max-video-preview":"max-video-preview:-1"},"canonical":"https:\/\/www.secureair.it\/fr\/ventilation-des-environnements-de-travail-industriels-normes-et-techniques-innovantes\/","og_locale":"fr_FR","og_type":"article","og_title":"Ventilation des environnements de travail industriels\u00a0: normes et techniques innovantes - Secure Air","og_description":"A\u00e9ration des environnements de travail industriels\u00a0: normes et techniques innovantes que Secureair met \u00e0 disposition pour la sauvegarde de la sant\u00e9 sur les lieux de travail.","og_url":"https:\/\/www.secureair.it\/fr\/ventilation-des-environnements-de-travail-industriels-normes-et-techniques-innovantes\/","og_site_name":"Secure Air","article_published_time":"2019-05-22T09:45:48+00:00","article_modified_time":"2023-09-11T08:30:32+00:00","og_image":[{"width":596,"height":285,"url":"https:\/\/www.secureair.it\/wp-content\/uploads\/2019\/06\/news_ventilazioneambientilavoro.jpg","type":"image\/jpeg"}],"author":"secureair-237861","twitter_card":"summary_large_image","twitter_misc":{"\u00c9crit par":"secureair-237861","Dur\u00e9e de lecture estim\u00e9e":"6 minutes"},"schema":{"@context":"https:\/\/schema.org","@graph":[{"@type":"Article","@id":"https:\/\/www.secureair.it\/fr\/ventilation-des-environnements-de-travail-industriels-normes-et-techniques-innovantes\/#article","isPartOf":{"@id":"https:\/\/www.secureair.it\/fr\/ventilation-des-environnements-de-travail-industriels-normes-et-techniques-innovantes\/"},"author":{"name":"secureair-237861","@id":"https:\/\/www.secureair.it\/#\/schema\/person\/65bd486afba01e24bb79b18a2ff80a50"},"headline":"Ventilation des environnements de travail industriels\u00a0: normes et techniques innovantes","datePublished":"2019-05-22T09:45:48+00:00","dateModified":"2023-09-11T08:30:32+00:00","mainEntityOfPage":{"@id":"https:\/\/www.secureair.it\/fr\/ventilation-des-environnements-de-travail-industriels-normes-et-techniques-innovantes\/"},"wordCount":1047,"commentCount":0,"image":{"@id":"https:\/\/www.secureair.it\/fr\/ventilation-des-environnements-de-travail-industriels-normes-et-techniques-innovantes\/#primaryimage"},"thumbnailUrl":"https:\/\/www.secureair.it\/wp-content\/uploads\/2019\/06\/news_ventilazioneambientilavoro.jpg","articleSection":["Technique","L\u00e9gislation"],"inLanguage":"fr-FR"},{"@type":"WebPage","@id":"https:\/\/www.secureair.it\/fr\/ventilation-des-environnements-de-travail-industriels-normes-et-techniques-innovantes\/","url":"https:\/\/www.secureair.it\/fr\/ventilation-des-environnements-de-travail-industriels-normes-et-techniques-innovantes\/","name":"Ventilation des environnements de travail industriels\u00a0: normes et techniques innovantes - Secure Air","isPartOf":{"@id":"https:\/\/www.secureair.it\/#website"},"primaryImageOfPage":{"@id":"https:\/\/www.secureair.it\/fr\/ventilation-des-environnements-de-travail-industriels-normes-et-techniques-innovantes\/#primaryimage"},"image":{"@id":"https:\/\/www.secureair.it\/fr\/ventilation-des-environnements-de-travail-industriels-normes-et-techniques-innovantes\/#primaryimage"},"thumbnailUrl":"https:\/\/www.secureair.it\/wp-content\/uploads\/2019\/06\/news_ventilazioneambientilavoro.jpg","datePublished":"2019-05-22T09:45:48+00:00","dateModified":"2023-09-11T08:30:32+00:00","author":{"@id":"https:\/\/www.secureair.it\/#\/schema\/person\/65bd486afba01e24bb79b18a2ff80a50"},"description":"A\u00e9ration des environnements de travail industriels\u00a0: normes et techniques innovantes que Secureair met \u00e0 disposition pour la sauvegarde de la sant\u00e9 sur les lieux de travail.","breadcrumb":{"@id":"https:\/\/www.secureair.it\/fr\/ventilation-des-environnements-de-travail-industriels-normes-et-techniques-innovantes\/#breadcrumb"},"inLanguage":"fr-FR","potentialAction":[{"@type":"ReadAction","target":["https:\/\/www.secureair.it\/fr\/ventilation-des-environnements-de-travail-industriels-normes-et-techniques-innovantes\/"]}]},{"@type":"ImageObject","inLanguage":"fr-FR","@id":"https:\/\/www.secureair.it\/fr\/ventilation-des-environnements-de-travail-industriels-normes-et-techniques-innovantes\/#primaryimage","url":"https:\/\/www.secureair.it\/wp-content\/uploads\/2019\/06\/news_ventilazioneambientilavoro.jpg","contentUrl":"https:\/\/www.secureair.it\/wp-content\/uploads\/2019\/06\/news_ventilazioneambientilavoro.jpg","width":596,"height":285},{"@type":"BreadcrumbList","@id":"https:\/\/www.secureair.it\/fr\/ventilation-des-environnements-de-travail-industriels-normes-et-techniques-innovantes\/#breadcrumb","itemListElement":[{"@type":"ListItem","position":1,"name":"Home","item":"https:\/\/www.secureair.it\/fr\/"},{"@type":"ListItem","position":2,"name":"Ventilation des environnements de travail industriels\u00a0: normes et techniques innovantes"}]},{"@type":"WebSite","@id":"https:\/\/www.secureair.it\/#website","url":"https:\/\/www.secureair.it\/","name":"Secure Air","description":"Sistemi di aspirazione professionali","potentialAction":[{"@type":"SearchAction","target":{"@type":"EntryPoint","urlTemplate":"https:\/\/www.secureair.it\/?s={search_term_string}"},"query-input":{"@type":"PropertyValueSpecification","valueRequired":true,"valueName":"search_term_string"}}],"inLanguage":"fr-FR"},{"@type":"Person","@id":"https:\/\/www.secureair.it\/#\/schema\/person\/65bd486afba01e24bb79b18a2ff80a50","name":"secureair-237861","image":{"@type":"ImageObject","inLanguage":"fr-FR","@id":"https:\/\/secure.gravatar.com\/avatar\/90d6d707d59b9dd197a09f388dbe7b52a8b2dac3907433733ac069f0f60c9c06?s=96&d=mm&r=g","url":"https:\/\/secure.gravatar.com\/avatar\/90d6d707d59b9dd197a09f388dbe7b52a8b2dac3907433733ac069f0f60c9c06?s=96&d=mm&r=g","contentUrl":"https:\/\/secure.gravatar.com\/avatar\/90d6d707d59b9dd197a09f388dbe7b52a8b2dac3907433733ac069f0f60c9c06?s=96&d=mm&r=g","caption":"secureair-237861"},"url":"https:\/\/www.secureair.it\/fr\/author\/secureair-237861\/"}]}},"_links":{"self":[{"href":"https:\/\/www.secureair.it\/fr\/wp-json\/wp\/v2\/posts\/29465","targetHints":{"allow":["GET"]}}],"collection":[{"href":"https:\/\/www.secureair.it\/fr\/wp-json\/wp\/v2\/posts"}],"about":[{"href":"https:\/\/www.secureair.it\/fr\/wp-json\/wp\/v2\/types\/post"}],"author":[{"embeddable":true,"href":"https:\/\/www.secureair.it\/fr\/wp-json\/wp\/v2\/users\/1"}],"replies":[{"embeddable":true,"href":"https:\/\/www.secureair.it\/fr\/wp-json\/wp\/v2\/comments?post=29465"}],"version-history":[{"count":5,"href":"https:\/\/www.secureair.it\/fr\/wp-json\/wp\/v2\/posts\/29465\/revisions"}],"predecessor-version":[{"id":29480,"href":"https:\/\/www.secureair.it\/fr\/wp-json\/wp\/v2\/posts\/29465\/revisions\/29480"}],"wp:featuredmedia":[{"embeddable":true,"href":"https:\/\/www.secureair.it\/fr\/wp-json\/wp\/v2\/media\/29466"}],"wp:attachment":[{"href":"https:\/\/www.secureair.it\/fr\/wp-json\/wp\/v2\/media?parent=29465"}],"wp:term":[{"taxonomy":"category","embeddable":true,"href":"https:\/\/www.secureair.it\/fr\/wp-json\/wp\/v2\/categories?post=29465"},{"taxonomy":"post_tag","embeddable":true,"href":"https:\/\/www.secureair.it\/fr\/wp-json\/wp\/v2\/tags?post=29465"}],"curies":[{"name":"wp","href":"https:\/\/api.w.org\/{rel}","templated":true}]}}